{"id":8678,"date":"2019-10-15T09:11:21","date_gmt":"2019-10-15T08:11:21","guid":{"rendered":"http:\/\/maria.duszka.pl\/?p=8678"},"modified":"2026-08-10T11:26:42","modified_gmt":"2026-08-10T10:26:42","slug":"wieczor-autorski-w-miejskiej-bibliotece-publicznej-w-sieradzu","status":"publish","type":"post","link":"https:\/\/maria.duszka.pl\/?p=8678","title":{"rendered":"Wiecz\u00f3r autorski w Miejskiej Bibliotece Publicznej w Sieradzu"},"content":{"rendered":"<p>W poniedzia\u0142kowy wiecz\u00f3r 14 pa\u017adziernika spotka\u0142am si\u0119 z mi\u0142ymi paniami nale\u017c\u0105cymi do Dyskusyjnego Klubu Ksi\u0105\u017cki w Miejskiej Bibliotece Publicznej w Sieradzu.<\/p>\n<p>Maria Duszka &#8211; plakat<img loading=\"lazy\" decoding=\"async\" class=\"alignleft wp-image-8680\" src=\"http:\/\/maria.duszka.pl\/wp-content\/uploads\/2019\/10\/DKK-Sieradz-675x900.jpg\" alt=\"\" width=\"500\" height=\"667\" srcset=\"https:\/\/maria.duszka.pl\/wp-content\/uploads\/2019\/10\/DKK-Sieradz-675x900.jpg 675w, https:\/\/maria.duszka.pl\/wp-content\/uploads\/2019\/10\/DKK-Sieradz.jpg 720w\" sizes=\"auto, (max-width: 500px) 100vw, 500px\" \/><img loading=\"lazy\" decoding=\"async\" class=\"alignleft size-full wp-image-8684\" src=\"http:\/\/maria.duszka.pl\/wp-content\/uploads\/2019\/10\/Maria-Duszka-wiecz\u00f3r-autorski-w-Miejskiej-Bibliotece-Publicznej-w-Sieradzu-1.jpg\" alt=\"\" width=\"550\" height=\"503\"><\/p>\n<p>&nbsp;<\/p>\n<p>&nbsp;<\/p>\n","protected":false},"excerpt":{"rendered":"<p>W poniedzia\u0142kowy wiecz\u00f3r 14 pa\u017adziernika spotka\u0142am si\u0119 z mi\u0142ymi paniami nale\u017c\u0105cymi do Dyskusyjnego Klubu Ksi\u0105\u017cki w Miejskiej Bibliotece Publicznej w Sieradzu. Maria Duszka &#8211; plakat &nbsp; &nbsp;<\/p>\n","protected":false},"author":1,"featured_media":0,"comment_status":"open","ping_status":"open","sticky":false,"template":"","format":"standard","meta":{"_monsterinsights_skip_tracking":false,"_monsterinsights_sitenote_active":false,"_monsterinsights_sitenote_note":"","_monsterinsights_sitenote_category":0,"ngg_post_thumbnail":0,"footnotes":""},"categories":[164],"tags":[1492,207,872,236,712],"class_list":["post-8678","post","type-post","status-publish","format-standard","hentry","category-moje-spotkania-autorskie","tag-maria-duszka-wieczor-autorski-w-miejskiej-bibliotece-publicznej-w-sieradzu","tag-maria-duszka-wiersze","tag-maria-duszka-wolnosc-chmur-debesu-laisve","tag-maria-duszka-poezja","tag-maria-duszka-wieczor-autorski"],"_links":{"self":[{"href":"https:\/\/maria.duszka.pl\/index.php?rest_route=\/wp\/v2\/posts\/8678","targetHints":{"allow":["GET"]}}],"collection":[{"href":"https:\/\/maria.duszka.pl\/index.php?rest_route=\/wp\/v2\/posts"}],"about":[{"href":"https:\/\/maria.duszka.pl\/index.php?rest_route=\/wp\/v2\/types\/post"}],"author":[{"embeddable":true,"href":"https:\/\/maria.duszka.pl\/index.php?rest_route=\/wp\/v2\/users\/1"}],"replies":[{"embeddable":true,"href":"https:\/\/maria.duszka.pl\/index.php?rest_route=%2Fwp%2Fv2%2Fcomments&post=8678"}],"version-history":[{"count":7,"href":"https:\/\/maria.duszka.pl\/index.php?rest_route=\/wp\/v2\/posts\/8678\/revisions"}],"predecessor-version":[{"id":16312,"href":"https:\/\/maria.duszka.pl\/index.php?rest_route=\/wp\/v2\/posts\/8678\/revisions\/16312"}],"wp:attachment":[{"href":"https:\/\/maria.duszka.pl\/index.php?rest_route=%2Fwp%2Fv2%2Fmedia&parent=8678"}],"wp:term":[{"taxonomy":"category","embeddable":true,"href":"https:\/\/maria.duszka.pl\/index.php?rest_route=%2Fwp%2Fv2%2Fcategories&post=8678"},{"taxonomy":"post_tag","embeddable":true,"href":"https:\/\/maria.duszka.pl\/index.php?rest_route=%2Fwp%2Fv2%2Ftags&post=8678"}],"curies":[{"name":"wp","href":"https:\/\/api.w.org\/{rel}","templated":true}]}}